{"id":317,"date":"2024-03-19T14:24:15","date_gmt":"2024-03-19T14:24:15","guid":{"rendered":"https:\/\/www.cownected.com\/?p=317"},"modified":"2024-05-02T14:10:38","modified_gmt":"2024-05-02T14:10:38","slug":"the-power-of-visual-storytelling-harnessing-the-impact-of-graphic-design","status":"publish","type":"post","link":"https:\/\/www.cownected.com\/fr\/the-power-of-visual-storytelling-harnessing-the-impact-of-graphic-design\/","title":{"rendered":"Le pouvoir de la narration visuelle\u00a0: exploiter l'impact de la conception graphique"},"content":{"rendered":"<p class=\"has-main-accent-color has-text-color has-link-color has-small-font-size wp-elements-238eef5e6aba07b24d4352366feb5ec0\" style=\"margin-top:0;margin-right:0;margin-bottom:var(--wp--preset--spacing--x-large);margin-left:0;padding-top:0;padding-right:0;padding-bottom:0;padding-left:0\">\u00c0 l'\u00e8re du num\u00e9rique, la narration visuelle s'est impos\u00e9e comme un outil puissant pour capter l'attention du public, faire passer des messages de marque et susciter l'engagement. Au c\u0153ur de cette approche narrative se trouve la conception graphique - l'art de combiner l'imagerie, la typographie et la couleur pour cr\u00e9er des visuels convaincants qui r\u00e9sonnent avec les spectateurs \u00e0 un niveau \u00e9motionnel. Dans cet article, nous allons explorer le pouvoir de transformation de la narration visuelle et le r\u00f4le crucial que joue la conception graphique dans l'\u00e9laboration des r\u00e9cits de marque et la cr\u00e9ation de liens significatifs avec le public.<\/p>\n\n\n\n<div class=\"wp-block-group has-global-padding is-layout-constrained wp-block-group-is-layout-constrained\">\n<div class=\"wp-block-group has-global-padding is-layout-constrained wp-container-core-group-is-layout-caa18f04 wp-block-group-is-layout-constrained\" style=\"margin-bottom:var(--wp--preset--spacing--x-large);padding-right:var(--wp--preset--spacing--xx-large);padding-left:var(--wp--preset--spacing--xx-large)\">\n<h2 class=\"wp-block-heading has-medium-font-size\" style=\"margin-bottom:var(--wp--preset--spacing--large);font-style:normal;font-weight:700\"><strong><strong>Introduction<\/strong><\/strong><\/h2>\n\n\n\n<p class=\"has-main-accent-color has-text-color has-link-color has-small-font-size wp-elements-77b3ab660fe71180b60d2b219c778e59\" style=\"margin-top:0;margin-right:0;margin-bottom:0;margin-left:0;padding-top:0;padding-right:0;padding-bottom:0;padding-left:0\">La narration visuelle a la capacit\u00e9 unique de susciter des \u00e9motions, de transmettre des id\u00e9es complexes et de laisser une impression durable sur les spectateurs. Qu'il s'agisse d'illustrations captivantes, de photographies saisissantes ou de contenus multim\u00e9dias immersifs, la conception graphique est \u00e0 l'avant-garde de cette r\u00e9volution narrative, permettant aux marques de communiquer leurs valeurs, de susciter des \u00e9motions et de cr\u00e9er des liens avec leur public d'une mani\u00e8re visuellement convaincante.<\/p>\n<\/div>\n\n\n\n<div class=\"wp-block-columns description-and-scope is-layout-flex wp-container-core-columns-is-layout-bf7fa2e5 wp-block-columns-is-layout-flex\" style=\"margin-bottom:var(--wp--preset--spacing--xx-large);padding-right:var(--wp--preset--spacing--xx-large);padding-left:var(--wp--preset--spacing--xx-large)\">\n<div class=\"wp-block-column is-layout-flow wp-block-column-is-layout-flow\" style=\"padding-right:0;padding-left:0;flex-basis:60%\">\n<h2 class=\"wp-block-heading has-medium-font-size\" style=\"margin-bottom:var(--wp--preset--spacing--large);font-style:normal;font-weight:700\"><strong><strong>L'impact de la conception graphique<\/strong><\/strong><\/h2>\n\n\n\n<p class=\"has-main-accent-color has-text-color has-link-color has-small-font-size wp-elements-2075174d2c2ef7b0f3dd9c9a60d73a5f\" style=\"margin-top:0;margin-right:0;margin-bottom:0;margin-left:0;padding-top:0;padding-right:0;padding-bottom:0;padding-left:0\">La conception graphique va au-del\u00e0 de l'esth\u00e9tique - c'est un outil puissant de communication et d'expression. Qu'il s'agisse d'un logo qui incarne l'identit\u00e9 d'une marque, d'un site web qui guide les utilisateurs \u00e0 travers une exp\u00e9rience fluide, ou d'un message sur les m\u00e9dias sociaux qui capte l'attention dans un fil d'actualit\u00e9 surcharg\u00e9, la conception graphique joue un r\u00f4le crucial pour fa\u00e7onner les perceptions, susciter l'engagement et encourager la fid\u00e9lit\u00e9 \u00e0 la marque.<\/p>\n\n\n\n<figure class=\"wp-block-image size-large\"><img loading=\"lazy\" decoding=\"async\" width=\"1024\" height=\"683\" src=\"https:\/\/www.cownected.com\/wp-content\/uploads\/2024\/03\/storytelling-1024x683.jpg\" alt=\"Storytelling\" class=\"wp-image-322\" srcset=\"https:\/\/www.cownected.com\/wp-content\/uploads\/2024\/03\/storytelling-1024x683.jpg 1024w, https:\/\/www.cownected.com\/wp-content\/uploads\/2024\/03\/storytelling-300x200.jpg 300w, https:\/\/www.cownected.com\/wp-content\/uploads\/2024\/03\/storytelling-768x512.jpg 768w, https:\/\/www.cownected.com\/wp-content\/uploads\/2024\/03\/storytelling-1536x1024.jpg 1536w, https:\/\/www.cownected.com\/wp-content\/uploads\/2024\/03\/storytelling.jpg 1920w\" sizes=\"auto, (max-width: 1024px) 100vw, 1024px\" \/><\/figure>\n<\/div>\n\n\n\n<div class=\"wp-block-column is-layout-flow wp-block-column-is-layout-flow\" style=\"padding-right:0;padding-left:0;flex-basis:40%\">\n<h2 class=\"wp-block-heading has-medium-font-size\" style=\"margin-bottom:var(--wp--preset--spacing--large);font-style:normal;font-weight:700\"><strong><strong><strong>Concevoir des visuels convaincants<\/strong><\/strong><\/strong><\/h2>\n\n\n\n<p class=\"has-main-accent-color has-text-color has-link-color has-small-font-size wp-elements-6126d4234efa565497817ea09c8b15da\" style=\"margin-top:0;margin-right:0;margin-bottom:0;margin-left:0;padding-top:0;padding-right:0;padding-bottom:0;padding-left:0\">\u00c0 la base, la conception graphique consiste \u00e0 raconter des histoires - en utilisant l'imagerie, la typographie et la couleur pour transmettre un message et susciter une r\u00e9ponse \u00e9motionnelle. Du choix des polices et des couleurs \u00e0 la composition des images et \u00e0 la disposition des \u00e9l\u00e9ments, chaque d\u00e9cision de conception joue un r\u00f4le dans l'\u00e9laboration du r\u00e9cit global et influence la mani\u00e8re dont les spectateurs per\u00e7oivent le contenu et interagissent avec lui.<\/p>\n<\/div>\n<\/div>\n\n\n\n<div class=\"wp-block-columns description-and-scope is-layout-flex wp-container-core-columns-is-layout-bf7fa2e5 wp-block-columns-is-layout-flex\" style=\"margin-bottom:var(--wp--preset--spacing--xx-large);padding-right:var(--wp--preset--spacing--xx-large);padding-left:var(--wp--preset--spacing--xx-large)\">\n<div class=\"wp-block-column is-layout-flow wp-block-column-is-layout-flow\" style=\"padding-right:0;padding-left:0;flex-basis:60%\">\n<h2 class=\"wp-block-heading has-medium-font-size\" style=\"margin-bottom:var(--wp--preset--spacing--large);font-style:normal;font-weight:700\"><strong><strong><strong><strong><strong>Construire l'identit\u00e9 de la marque<\/strong><\/strong><\/strong><\/strong><\/strong><\/h2>\n\n\n\n<p class=\"has-main-accent-color has-text-color has-link-color has-small-font-size wp-elements-d1df2aefae4d5d53e967286ae0219365\" style=\"margin-top:0;margin-right:0;margin-bottom:0;margin-left:0;padding-top:0;padding-right:0;padding-bottom:0;padding-left:0\">L'identit\u00e9 de votre marque est plus qu'un simple logo - c'est une repr\u00e9sentation visuelle des valeurs, de la personnalit\u00e9 et de la promesse de votre marque. La conception graphique joue un r\u00f4le central dans la construction et le maintien de l'identit\u00e9 de la marque, en assurant la coh\u00e9rence \u00e0 travers tous les points de contact et en cr\u00e9ant une exp\u00e9rience de marque coh\u00e9sive qui r\u00e9sonne avec votre public.<\/p>\n<\/div>\n\n\n\n<div class=\"wp-block-column is-layout-flow wp-block-column-is-layout-flow\" style=\"padding-right:0;padding-left:0;flex-basis:40%\">\n<h2 class=\"wp-block-heading has-medium-font-size\" style=\"margin-bottom:var(--wp--preset--spacing--large);font-style:normal;font-weight:700\"><strong><strong><strong><strong>Attirer l'attention du public<\/strong><\/strong><\/strong><\/strong><\/h2>\n\n\n\n<p class=\"has-main-accent-color has-text-color has-link-color has-small-font-size wp-elements-70023e0df7d74a021331255991a32f91\" style=\"margin-top:0;margin-right:0;margin-bottom:0;margin-left:0;padding-top:0;padding-right:0;padding-bottom:0;padding-left:0\">Dans le paysage num\u00e9rique actuel, qui \u00e9volue rapidement, il est plus difficile que jamais de capter et de retenir l'attention du public. La conception graphique permet aux marques de se d\u00e9marquer et de capter le c\u0153ur et l'esprit de leur public gr\u00e2ce \u00e0 un contenu visuellement \u00e9poustouflant qui \u00e9veille la curiosit\u00e9, suscite des \u00e9motions et incite \u00e0 l'action.<\/p>\n<\/div>\n<\/div>\n\n\n\n<div class=\"wp-block-group has-global-padding is-layout-constrained wp-container-core-group-is-layout-caa18f04 wp-block-group-is-layout-constrained\" style=\"margin-bottom:var(--wp--preset--spacing--x-large);padding-right:var(--wp--preset--spacing--xx-large);padding-left:var(--wp--preset--spacing--xx-large)\">\n<h2 class=\"wp-block-heading has-medium-font-size\" style=\"margin-bottom:var(--wp--preset--spacing--large);font-style:normal;font-weight:700\"><strong><strong><strong>Conclusion<\/strong><\/strong><\/strong><\/h2>\n\n\n\n<p class=\"has-main-accent-color has-text-color has-link-color has-small-font-size wp-elements-219c49f57091e4bd78c6d588c2c768fd\" style=\"margin-top:0;margin-right:0;margin-bottom:0;margin-left:0;padding-top:0;padding-right:0;padding-bottom:0;padding-left:0\">Dans un monde de plus en plus visuel, le pouvoir de la narration visuelle ne peut \u00eatre surestim\u00e9. En exploitant l'impact transformateur de la conception graphique, les marques peuvent cr\u00e9er des r\u00e9cits convaincants, forger des liens significatifs avec leur public et se d\u00e9marquer sur un march\u00e9 encombr\u00e9. Qu'il s'agisse d'images captivantes, de design innovant ou de contenu multim\u00e9dia immersif, la conception graphique est la cl\u00e9 qui permet de lib\u00e9rer tout le potentiel de la narration visuelle et de fa\u00e7onner l'avenir de la communication des marques.<\/p>\n<\/div>\n<\/div>","protected":false},"excerpt":{"rendered":"<p>In today&#8217;s digital age, visual storytelling has emerged as a powerful tool for capturing audience attention, conveying brand messages, and driving engagement. At the heart of this storytelling approach lies graphic design \u2013 the art of combining imagery, typography, and color to create compelling visuals that resonate with viewers on an emotional level. In this [&hellip;]<\/p>\n","protected":false},"author":1,"featured_media":1186,"comment_status":"open","ping_status":"open","sticky":false,"template":"","format":"standard","meta":{"inline_featured_image":false,"_uag_custom_page_level_css":"","wpupg_custom_link":[],"wpupg_custom_link_behaviour":[],"wpupg_custom_link_nofollow":[],"wpupg_custom_image":[],"wpupg_custom_image_id":[],"footnotes":""},"categories":[12,7,13],"tags":[],"class_list":["post-317","post","type-post","status-publish","format-standard","has-post-thumbnail","hentry","category-design","category-e-commerce","category-website"],"mb":[],"yoast_head":"<!-- This site is optimized with the Yoast SEO plugin v27.4 - https:\/\/yoast.com\/product\/yoast-seo-wordpress\/ -->\n<title>The Power of Visual Storytelling: Harnessing the Impact of Graphic Design - Cownected<\/title>\n<meta name=\"robots\" content=\"index, follow, max-snippet:-1, max-image-preview:large, max-video-preview:-1\" \/>\n<link rel=\"canonical\" href=\"https:\/\/www.cownected.com\/fr\/the-power-of-visual-storytelling-harnessing-the-impact-of-graphic-design\/\" \/>\n<meta property=\"og:locale\" content=\"fr_FR\" \/>\n<meta property=\"og:type\" content=\"article\" \/>\n<meta property=\"og:title\" content=\"The Power of Visual Storytelling: Harnessing the Impact of Graphic Design - Cownected\" \/>\n<meta property=\"og:description\" content=\"In today&#8217;s digital age, visual storytelling has emerged as a powerful tool for capturing audience attention, conveying brand messages, and driving engagement. At the heart of this storytelling approach lies graphic design \u2013 the art of combining imagery, typography, and color to create compelling visuals that resonate with viewers on an emotional level. In this [&hellip;]\" \/>\n<meta property=\"og:url\" content=\"https:\/\/www.cownected.com\/fr\/the-power-of-visual-storytelling-harnessing-the-impact-of-graphic-design\/\" \/>\n<meta property=\"og:site_name\" content=\"Cownected\" \/>\n<meta property=\"article:publisher\" content=\"https:\/\/www.facebook.com\/cownected\" \/>\n<meta property=\"article:published_time\" content=\"2024-03-19T14:24:15+00:00\" \/>\n<meta property=\"article:modified_time\" content=\"2024-05-02T14:10:38+00:00\" \/>\n<meta property=\"og:image\" content=\"https:\/\/www.cownected.com\/wp-content\/uploads\/2024\/03\/geometry-5167943_1920.jpg\" \/>\n\t<meta property=\"og:image:width\" content=\"1920\" \/>\n\t<meta property=\"og:image:height\" content=\"1280\" \/>\n\t<meta property=\"og:image:type\" content=\"image\/jpeg\" \/>\n<meta name=\"author\" content=\"webmaster\" \/>\n<meta name=\"twitter:card\" content=\"summary_large_image\" \/>\n<meta name=\"twitter:label1\" content=\"\u00c9crit par\" \/>\n\t<meta name=\"twitter:data1\" content=\"webmaster\" \/>\n\t<meta name=\"twitter:label2\" content=\"Dur\u00e9e de lecture estim\u00e9e\" \/>\n\t<meta name=\"twitter:data2\" content=\"3 minutes\" \/>\n<script type=\"application\/ld+json\" class=\"yoast-schema-graph\">{\"@context\":\"https:\\\/\\\/schema.org\",\"@graph\":[{\"@type\":\"Article\",\"@id\":\"https:\\\/\\\/www.cownected.com\\\/the-power-of-visual-storytelling-harnessing-the-impact-of-graphic-design\\\/#article\",\"isPartOf\":{\"@id\":\"https:\\\/\\\/www.cownected.com\\\/the-power-of-visual-storytelling-harnessing-the-impact-of-graphic-design\\\/\"},\"author\":{\"name\":\"webmaster\",\"@id\":\"https:\\\/\\\/www.cownected.com\\\/fr\\\/#\\\/schema\\\/person\\\/670558455ca0f9bb87dcfa0e9de09cb8\"},\"headline\":\"The Power of Visual Storytelling: Harnessing the Impact of Graphic Design\",\"datePublished\":\"2024-03-19T14:24:15+00:00\",\"dateModified\":\"2024-05-02T14:10:38+00:00\",\"mainEntityOfPage\":{\"@id\":\"https:\\\/\\\/www.cownected.com\\\/the-power-of-visual-storytelling-harnessing-the-impact-of-graphic-design\\\/\"},\"wordCount\":454,\"commentCount\":0,\"publisher\":{\"@id\":\"https:\\\/\\\/www.cownected.com\\\/fr\\\/#organization\"},\"image\":{\"@id\":\"https:\\\/\\\/www.cownected.com\\\/the-power-of-visual-storytelling-harnessing-the-impact-of-graphic-design\\\/#primaryimage\"},\"thumbnailUrl\":\"https:\\\/\\\/www.cownected.com\\\/wp-content\\\/uploads\\\/2024\\\/03\\\/geometry-5167943_1920.jpg\",\"articleSection\":[\"Design\",\"E-commerce\",\"Website\"],\"inLanguage\":\"fr-FR\",\"potentialAction\":[{\"@type\":\"CommentAction\",\"name\":\"Comment\",\"target\":[\"https:\\\/\\\/www.cownected.com\\\/the-power-of-visual-storytelling-harnessing-the-impact-of-graphic-design\\\/#respond\"]}]},{\"@type\":\"WebPage\",\"@id\":\"https:\\\/\\\/www.cownected.com\\\/the-power-of-visual-storytelling-harnessing-the-impact-of-graphic-design\\\/\",\"url\":\"https:\\\/\\\/www.cownected.com\\\/the-power-of-visual-storytelling-harnessing-the-impact-of-graphic-design\\\/\",\"name\":\"The Power of Visual Storytelling: Harnessing the Impact of Graphic Design - Cownected\",\"isPartOf\":{\"@id\":\"https:\\\/\\\/www.cownected.com\\\/fr\\\/#website\"},\"primaryImageOfPage\":{\"@id\":\"https:\\\/\\\/www.cownected.com\\\/the-power-of-visual-storytelling-harnessing-the-impact-of-graphic-design\\\/#primaryimage\"},\"image\":{\"@id\":\"https:\\\/\\\/www.cownected.com\\\/the-power-of-visual-storytelling-harnessing-the-impact-of-graphic-design\\\/#primaryimage\"},\"thumbnailUrl\":\"https:\\\/\\\/www.cownected.com\\\/wp-content\\\/uploads\\\/2024\\\/03\\\/geometry-5167943_1920.jpg\",\"datePublished\":\"2024-03-19T14:24:15+00:00\",\"dateModified\":\"2024-05-02T14:10:38+00:00\",\"breadcrumb\":{\"@id\":\"https:\\\/\\\/www.cownected.com\\\/the-power-of-visual-storytelling-harnessing-the-impact-of-graphic-design\\\/#breadcrumb\"},\"inLanguage\":\"fr-FR\",\"potentialAction\":[{\"@type\":\"ReadAction\",\"target\":[\"https:\\\/\\\/www.cownected.com\\\/the-power-of-visual-storytelling-harnessing-the-impact-of-graphic-design\\\/\"]}]},{\"@type\":\"ImageObject\",\"inLanguage\":\"fr-FR\",\"@id\":\"https:\\\/\\\/www.cownected.com\\\/the-power-of-visual-storytelling-harnessing-the-impact-of-graphic-design\\\/#primaryimage\",\"url\":\"https:\\\/\\\/www.cownected.com\\\/wp-content\\\/uploads\\\/2024\\\/03\\\/geometry-5167943_1920.jpg\",\"contentUrl\":\"https:\\\/\\\/www.cownected.com\\\/wp-content\\\/uploads\\\/2024\\\/03\\\/geometry-5167943_1920.jpg\",\"width\":1920,\"height\":1280,\"caption\":\"Geometry\"},{\"@type\":\"BreadcrumbList\",\"@id\":\"https:\\\/\\\/www.cownected.com\\\/the-power-of-visual-storytelling-harnessing-the-impact-of-graphic-design\\\/#breadcrumb\",\"itemListElement\":[{\"@type\":\"ListItem\",\"position\":1,\"name\":\"Home\",\"item\":\"https:\\\/\\\/www.cownected.com\\\/\"},{\"@type\":\"ListItem\",\"position\":2,\"name\":\"The Power of Visual Storytelling: Harnessing the Impact of Graphic Design\"}]},{\"@type\":\"WebSite\",\"@id\":\"https:\\\/\\\/www.cownected.com\\\/fr\\\/#website\",\"url\":\"https:\\\/\\\/www.cownected.com\\\/fr\\\/\",\"name\":\"Cownected\",\"description\":\"Moo-ve Business Forward.\",\"publisher\":{\"@id\":\"https:\\\/\\\/www.cownected.com\\\/fr\\\/#organization\"},\"potentialAction\":[{\"@type\":\"SearchAction\",\"target\":{\"@type\":\"EntryPoint\",\"urlTemplate\":\"https:\\\/\\\/www.cownected.com\\\/fr\\\/?s={search_term_string}\"},\"query-input\":{\"@type\":\"PropertyValueSpecification\",\"valueRequired\":true,\"valueName\":\"search_term_string\"}}],\"inLanguage\":\"fr-FR\"},{\"@type\":\"Organization\",\"@id\":\"https:\\\/\\\/www.cownected.com\\\/fr\\\/#organization\",\"name\":\"Cownected SRL\",\"url\":\"https:\\\/\\\/www.cownected.com\\\/fr\\\/\",\"logo\":{\"@type\":\"ImageObject\",\"inLanguage\":\"fr-FR\",\"@id\":\"https:\\\/\\\/www.cownected.com\\\/fr\\\/#\\\/schema\\\/logo\\\/image\\\/\",\"url\":\"https:\\\/\\\/www.cownected.com\\\/wp-content\\\/uploads\\\/2024\\\/03\\\/logo-cownected.svg\",\"contentUrl\":\"https:\\\/\\\/www.cownected.com\\\/wp-content\\\/uploads\\\/2024\\\/03\\\/logo-cownected.svg\",\"caption\":\"Cownected SRL\"},\"image\":{\"@id\":\"https:\\\/\\\/www.cownected.com\\\/fr\\\/#\\\/schema\\\/logo\\\/image\\\/\"},\"sameAs\":[\"https:\\\/\\\/www.facebook.com\\\/cownected\",\"https:\\\/\\\/be.linkedin.com\\\/company\\\/cownected\"]},{\"@type\":\"Person\",\"@id\":\"https:\\\/\\\/www.cownected.com\\\/fr\\\/#\\\/schema\\\/person\\\/670558455ca0f9bb87dcfa0e9de09cb8\",\"name\":\"webmaster\",\"image\":{\"@type\":\"ImageObject\",\"inLanguage\":\"fr-FR\",\"@id\":\"https:\\\/\\\/secure.gravatar.com\\\/avatar\\\/87697f0cb70a0f661f9aed4a17c8a27ad38cd92fd7473b60c4eb22c0291d9fef?s=96&d=mm&r=g\",\"url\":\"https:\\\/\\\/secure.gravatar.com\\\/avatar\\\/87697f0cb70a0f661f9aed4a17c8a27ad38cd92fd7473b60c4eb22c0291d9fef?s=96&d=mm&r=g\",\"contentUrl\":\"https:\\\/\\\/secure.gravatar.com\\\/avatar\\\/87697f0cb70a0f661f9aed4a17c8a27ad38cd92fd7473b60c4eb22c0291d9fef?s=96&d=mm&r=g\",\"caption\":\"webmaster\"},\"sameAs\":[\"https:\\\/\\\/www.cownected.com\"],\"url\":\"https:\\\/\\\/www.cownected.com\\\/fr\\\/author\\\/webmaster-2-2\\\/\"}]}<\/script>\n<!-- \/ Yoast SEO plugin. -->","yoast_head_json":{"title":"The Power of Visual Storytelling: Harnessing the Impact of Graphic Design - Cownected","robots":{"index":"index","follow":"follow","max-snippet":"max-snippet:-1","max-image-preview":"max-image-preview:large","max-video-preview":"max-video-preview:-1"},"canonical":"https:\/\/www.cownected.com\/fr\/the-power-of-visual-storytelling-harnessing-the-impact-of-graphic-design\/","og_locale":"fr_FR","og_type":"article","og_title":"The Power of Visual Storytelling: Harnessing the Impact of Graphic Design - Cownected","og_description":"In today&#8217;s digital age, visual storytelling has emerged as a powerful tool for capturing audience attention, conveying brand messages, and driving engagement. At the heart of this storytelling approach lies graphic design \u2013 the art of combining imagery, typography, and color to create compelling visuals that resonate with viewers on an emotional level. In this [&hellip;]","og_url":"https:\/\/www.cownected.com\/fr\/the-power-of-visual-storytelling-harnessing-the-impact-of-graphic-design\/","og_site_name":"Cownected","article_publisher":"https:\/\/www.facebook.com\/cownected","article_published_time":"2024-03-19T14:24:15+00:00","article_modified_time":"2024-05-02T14:10:38+00:00","og_image":[{"width":1920,"height":1280,"url":"https:\/\/www.cownected.com\/wp-content\/uploads\/2024\/03\/geometry-5167943_1920.jpg","type":"image\/jpeg"}],"author":"webmaster","twitter_card":"summary_large_image","twitter_misc":{"\u00c9crit par":"webmaster","Dur\u00e9e de lecture estim\u00e9e":"3 minutes"},"schema":{"@context":"https:\/\/schema.org","@graph":[{"@type":"Article","@id":"https:\/\/www.cownected.com\/the-power-of-visual-storytelling-harnessing-the-impact-of-graphic-design\/#article","isPartOf":{"@id":"https:\/\/www.cownected.com\/the-power-of-visual-storytelling-harnessing-the-impact-of-graphic-design\/"},"author":{"name":"webmaster","@id":"https:\/\/www.cownected.com\/fr\/#\/schema\/person\/670558455ca0f9bb87dcfa0e9de09cb8"},"headline":"The Power of Visual Storytelling: Harnessing the Impact of Graphic Design","datePublished":"2024-03-19T14:24:15+00:00","dateModified":"2024-05-02T14:10:38+00:00","mainEntityOfPage":{"@id":"https:\/\/www.cownected.com\/the-power-of-visual-storytelling-harnessing-the-impact-of-graphic-design\/"},"wordCount":454,"commentCount":0,"publisher":{"@id":"https:\/\/www.cownected.com\/fr\/#organization"},"image":{"@id":"https:\/\/www.cownected.com\/the-power-of-visual-storytelling-harnessing-the-impact-of-graphic-design\/#primaryimage"},"thumbnailUrl":"https:\/\/www.cownected.com\/wp-content\/uploads\/2024\/03\/geometry-5167943_1920.jpg","articleSection":["Design","E-commerce","Website"],"inLanguage":"fr-FR","potentialAction":[{"@type":"CommentAction","name":"Comment","target":["https:\/\/www.cownected.com\/the-power-of-visual-storytelling-harnessing-the-impact-of-graphic-design\/#respond"]}]},{"@type":"WebPage","@id":"https:\/\/www.cownected.com\/the-power-of-visual-storytelling-harnessing-the-impact-of-graphic-design\/","url":"https:\/\/www.cownected.com\/the-power-of-visual-storytelling-harnessing-the-impact-of-graphic-design\/","name":"The Power of Visual Storytelling: Harnessing the Impact of Graphic Design - Cownected","isPartOf":{"@id":"https:\/\/www.cownected.com\/fr\/#website"},"primaryImageOfPage":{"@id":"https:\/\/www.cownected.com\/the-power-of-visual-storytelling-harnessing-the-impact-of-graphic-design\/#primaryimage"},"image":{"@id":"https:\/\/www.cownected.com\/the-power-of-visual-storytelling-harnessing-the-impact-of-graphic-design\/#primaryimage"},"thumbnailUrl":"https:\/\/www.cownected.com\/wp-content\/uploads\/2024\/03\/geometry-5167943_1920.jpg","datePublished":"2024-03-19T14:24:15+00:00","dateModified":"2024-05-02T14:10:38+00:00","breadcrumb":{"@id":"https:\/\/www.cownected.com\/the-power-of-visual-storytelling-harnessing-the-impact-of-graphic-design\/#breadcrumb"},"inLanguage":"fr-FR","potentialAction":[{"@type":"ReadAction","target":["https:\/\/www.cownected.com\/the-power-of-visual-storytelling-harnessing-the-impact-of-graphic-design\/"]}]},{"@type":"ImageObject","inLanguage":"fr-FR","@id":"https:\/\/www.cownected.com\/the-power-of-visual-storytelling-harnessing-the-impact-of-graphic-design\/#primaryimage","url":"https:\/\/www.cownected.com\/wp-content\/uploads\/2024\/03\/geometry-5167943_1920.jpg","contentUrl":"https:\/\/www.cownected.com\/wp-content\/uploads\/2024\/03\/geometry-5167943_1920.jpg","width":1920,"height":1280,"caption":"Geometry"},{"@type":"BreadcrumbList","@id":"https:\/\/www.cownected.com\/the-power-of-visual-storytelling-harnessing-the-impact-of-graphic-design\/#breadcrumb","itemListElement":[{"@type":"ListItem","position":1,"name":"Home","item":"https:\/\/www.cownected.com\/"},{"@type":"ListItem","position":2,"name":"The Power of Visual Storytelling: Harnessing the Impact of Graphic Design"}]},{"@type":"WebSite","@id":"https:\/\/www.cownected.com\/fr\/#website","url":"https:\/\/www.cownected.com\/fr\/","name":"Cownected","description":"Moo-ve Business Forward.","publisher":{"@id":"https:\/\/www.cownected.com\/fr\/#organization"},"potentialAction":[{"@type":"SearchAction","target":{"@type":"EntryPoint","urlTemplate":"https:\/\/www.cownected.com\/fr\/?s={search_term_string}"},"query-input":{"@type":"PropertyValueSpecification","valueRequired":true,"valueName":"search_term_string"}}],"inLanguage":"fr-FR"},{"@type":"Organization","@id":"https:\/\/www.cownected.com\/fr\/#organization","name":"Cownected SRL","url":"https:\/\/www.cownected.com\/fr\/","logo":{"@type":"ImageObject","inLanguage":"fr-FR","@id":"https:\/\/www.cownected.com\/fr\/#\/schema\/logo\/image\/","url":"https:\/\/www.cownected.com\/wp-content\/uploads\/2024\/03\/logo-cownected.svg","contentUrl":"https:\/\/www.cownected.com\/wp-content\/uploads\/2024\/03\/logo-cownected.svg","caption":"Cownected SRL"},"image":{"@id":"https:\/\/www.cownected.com\/fr\/#\/schema\/logo\/image\/"},"sameAs":["https:\/\/www.facebook.com\/cownected","https:\/\/be.linkedin.com\/company\/cownected"]},{"@type":"Person","@id":"https:\/\/www.cownected.com\/fr\/#\/schema\/person\/670558455ca0f9bb87dcfa0e9de09cb8","name":"webmaster","image":{"@type":"ImageObject","inLanguage":"fr-FR","@id":"https:\/\/secure.gravatar.com\/avatar\/87697f0cb70a0f661f9aed4a17c8a27ad38cd92fd7473b60c4eb22c0291d9fef?s=96&d=mm&r=g","url":"https:\/\/secure.gravatar.com\/avatar\/87697f0cb70a0f661f9aed4a17c8a27ad38cd92fd7473b60c4eb22c0291d9fef?s=96&d=mm&r=g","contentUrl":"https:\/\/secure.gravatar.com\/avatar\/87697f0cb70a0f661f9aed4a17c8a27ad38cd92fd7473b60c4eb22c0291d9fef?s=96&d=mm&r=g","caption":"webmaster"},"sameAs":["https:\/\/www.cownected.com"],"url":"https:\/\/www.cownected.com\/fr\/author\/webmaster-2-2\/"}]}},"uagb_featured_image_src":{"full":["https:\/\/www.cownected.com\/wp-content\/uploads\/2024\/03\/geometry-5167943_1920.jpg",1920,1280,false],"thumbnail":["https:\/\/www.cownected.com\/wp-content\/uploads\/2024\/03\/geometry-5167943_1920-150x150.jpg",150,150,true],"medium":["https:\/\/www.cownected.com\/wp-content\/uploads\/2024\/03\/geometry-5167943_1920-300x200.jpg",300,200,true],"medium_large":["https:\/\/www.cownected.com\/wp-content\/uploads\/2024\/03\/geometry-5167943_1920-768x512.jpg",768,512,true],"large":["https:\/\/www.cownected.com\/wp-content\/uploads\/2024\/03\/geometry-5167943_1920-1024x683.jpg",1024,683,true],"1536x1536":["https:\/\/www.cownected.com\/wp-content\/uploads\/2024\/03\/geometry-5167943_1920-1536x1024.jpg",1536,1024,true],"2048x2048":["https:\/\/www.cownected.com\/wp-content\/uploads\/2024\/03\/geometry-5167943_1920.jpg",1920,1280,false],"trp-custom-language-flag":["https:\/\/www.cownected.com\/wp-content\/uploads\/2024\/03\/geometry-5167943_1920-18x12.jpg",18,12,true]},"uagb_author_info":{"display_name":"webmaster","author_link":"https:\/\/www.cownected.com\/fr\/author\/webmaster-2-2\/"},"uagb_comment_info":8,"uagb_excerpt":"In today&#8217;s digital age, visual storytelling has emerged as a powerful tool for capturing audience attention, conveying brand messages, and driving engagement. At the heart of this storytelling approach lies graphic design \u2013 the art of combining imagery, typography, and color to create compelling visuals that resonate with viewers on an emotional level. In this\u2026","mfb_rest_fields":["title","yoast_head","yoast_head_json","uagb_featured_image_src","uagb_author_info","uagb_comment_info","uagb_excerpt"],"_links":{"self":[{"href":"https:\/\/www.cownected.com\/fr\/wp-json\/wp\/v2\/posts\/317","targetHints":{"allow":["GET"]}}],"collection":[{"href":"https:\/\/www.cownected.com\/fr\/wp-json\/wp\/v2\/posts"}],"about":[{"href":"https:\/\/www.cownected.com\/fr\/wp-json\/wp\/v2\/types\/post"}],"author":[{"embeddable":true,"href":"https:\/\/www.cownected.com\/fr\/wp-json\/wp\/v2\/users\/1"}],"replies":[{"embeddable":true,"href":"https:\/\/www.cownected.com\/fr\/wp-json\/wp\/v2\/comments?post=317"}],"version-history":[{"count":3,"href":"https:\/\/www.cownected.com\/fr\/wp-json\/wp\/v2\/posts\/317\/revisions"}],"predecessor-version":[{"id":1196,"href":"https:\/\/www.cownected.com\/fr\/wp-json\/wp\/v2\/posts\/317\/revisions\/1196"}],"wp:featuredmedia":[{"embeddable":true,"href":"https:\/\/www.cownected.com\/fr\/wp-json\/wp\/v2\/media\/1186"}],"wp:attachment":[{"href":"https:\/\/www.cownected.com\/fr\/wp-json\/wp\/v2\/media?parent=317"}],"wp:term":[{"taxonomy":"category","embeddable":true,"href":"https:\/\/www.cownected.com\/fr\/wp-json\/wp\/v2\/categories?post=317"},{"taxonomy":"post_tag","embeddable":true,"href":"https:\/\/www.cownected.com\/fr\/wp-json\/wp\/v2\/tags?post=317"}],"curies":[{"name":"wp","href":"https:\/\/api.w.org\/{rel}","templated":true}]}}